{"id":498,"date":"2016-03-12T22:44:31","date_gmt":"2016-03-12T21:44:31","guid":{"rendered":"http:\/\/www.vuedici.org\/nocciolino\/?p=498"},"modified":"2018-12-06T14:52:31","modified_gmt":"2018-12-06T13:52:31","slug":"la-crete","status":"publish","type":"post","link":"https:\/\/www.vuedici.org\/nocciolino\/?p=498","title":{"rendered":"La Cr\u00e8te"},"content":{"rendered":"<p>Mise \u00e0 jour un peu tardive, puisqu&rsquo;on est reparti de cette \u00eele depuis longtemps (presque 15 jours!), et avons entam\u00e9 notre \u00ab\u00a0croisi\u00e8re Cr\u00e8te Irlande\u00a0\u00bb. Avec des travers\u00e9es difficiles, et d&rsquo;autres pr\u00e9occupations.<br \/>\nLa Cr\u00e8te est une des grandes iles de la M\u00e9diterran\u00e9e, par la taille mais aussi par sa richesse, arch\u00e9ologique, patrimoniale, historique, culturelle, tout quoi. On ne l&rsquo;a d\u00e9couverte que tr\u00e8s peu en bateau, mais on s&rsquo;est arr\u00eat\u00e9 dans 2 ports, Rethimnon et Hania, desquels on a lou\u00e9 une voiture pour circuler \u00e0 l&rsquo;int\u00e9rieur. 2 ports tr\u00e8s sympa, sur des petites villes tr\u00e8s accueillantes.<\/p>\n<figure id=\"attachment_508\" aria-describedby=\"caption-attachment-508\" style=\"width: 300px\" class=\"wp-caption alignnone\"><a href=\"https:\/\/www.vuedici.org\/nocciolino\/wp-content\/uploads\/2016\/03\/70-Crete-Hania-04.jpg\"><img loading=\"lazy\" decoding=\"async\" class=\"wp-image-508 size-medium\" src=\"https:\/\/www.vuedici.org\/nocciolino\/wp-content\/uploads\/2016\/03\/70-Crete-Hania-04-300x225.jpg\" alt=\"le port de Hania et sa mosqu\u00e9e\" width=\"300\" height=\"225\" srcset=\"https:\/\/www.vuedici.org\/nocciolino\/wp-content\/uploads\/2016\/03\/70-Crete-Hania-04-300x225.jpg 300w, https:\/\/www.vuedici.org\/nocciolino\/wp-content\/uploads\/2016\/03\/70-Crete-Hania-04.jpg 800w\" sizes=\"auto, (max-width: 300px) 100vw, 300px\" \/><\/a><figcaption id=\"caption-attachment-508\" class=\"wp-caption-text\">le port de Hania et sa mosqu\u00e9e<\/figcaption><\/figure>\n<p>La Cr\u00e8te m\u00e9riterait\u2026 plusieurs ann\u00e9es pour la d\u00e9couvrir enti\u00e8rement. Les paysages d&rsquo;une vari\u00e9t\u00e9 \u00e9tonnante, les oliveraies partout, les orangeraies en pleine production\/r\u00e9colte, les gorges dans le plateaux calcaires, les cotes magnifiques, une \u00eele tr\u00e8s vivante, d&rsquo;une vie simple et agr\u00e9able. \u00c9videmment il y a des coins hyper touristiques, mais en f\u00e9vrier on \u00e9tait peu concern\u00e9s\u00a0; et \u00eatre quasiment seuls dans les sites arch\u00e9ologiques est un avantage. Mais les villages ont encore leurs kaffenion traditionnels, o\u00f9 l&rsquo;on sirote le caf\u00e9 grec avec les vieux qui se racontent leurs histoires.<br \/>\n<a href=\"https:\/\/www.vuedici.org\/nocciolino\/wp-content\/uploads\/2016\/03\/62-Crete-Fodele-08.jpg\"><img loading=\"lazy\" decoding=\"async\" class=\"alignnone wp-image-503 size-medium\" src=\"https:\/\/www.vuedici.org\/nocciolino\/wp-content\/uploads\/2016\/03\/62-Crete-Fodele-08-300x225.jpg\" alt=\"62 Crete  Fodele 08\" width=\"300\" height=\"225\" srcset=\"https:\/\/www.vuedici.org\/nocciolino\/wp-content\/uploads\/2016\/03\/62-Crete-Fodele-08-300x225.jpg 300w, https:\/\/www.vuedici.org\/nocciolino\/wp-content\/uploads\/2016\/03\/62-Crete-Fodele-08.jpg 800w\" sizes=\"auto, (max-width: 300px) 100vw, 300px\" \/><br \/>\n<\/a><br \/>\n<a href=\"https:\/\/www.vuedici.org\/nocciolino\/wp-content\/uploads\/2016\/03\/63-Crete-Agiofarango-17.jpg\"><img loading=\"lazy\" decoding=\"async\" class=\"alignnone size-medium wp-image-504\" src=\"https:\/\/www.vuedici.org\/nocciolino\/wp-content\/uploads\/2016\/03\/63-Crete-Agiofarango-17-300x225.jpg\" alt=\"63 Crete Agiofarango 17\" width=\"300\" height=\"225\" srcset=\"https:\/\/www.vuedici.org\/nocciolino\/wp-content\/uploads\/2016\/03\/63-Crete-Agiofarango-17-300x225.jpg 300w, https:\/\/www.vuedici.org\/nocciolino\/wp-content\/uploads\/2016\/03\/63-Crete-Agiofarango-17.jpg 800w\" sizes=\"auto, (max-width: 300px) 100vw, 300px\" \/><br \/>\n<\/a><br \/>\n<a href=\"https:\/\/www.vuedici.org\/nocciolino\/wp-content\/uploads\/2016\/03\/75-Crete-sect-Topolia-02.jpg\"><img loading=\"lazy\" decoding=\"async\" class=\"alignnone size-medium wp-image-518\" src=\"https:\/\/www.vuedici.org\/nocciolino\/wp-content\/uploads\/2016\/03\/75-Crete-sect-Topolia-02-300x225.jpg\" alt=\"75 Crete sect Topolia 02\" width=\"300\" height=\"225\" srcset=\"https:\/\/www.vuedici.org\/nocciolino\/wp-content\/uploads\/2016\/03\/75-Crete-sect-Topolia-02-300x225.jpg 300w, https:\/\/www.vuedici.org\/nocciolino\/wp-content\/uploads\/2016\/03\/75-Crete-sect-Topolia-02.jpg 800w\" sizes=\"auto, (max-width: 300px) 100vw, 300px\" \/><\/a><a href=\"https:\/\/www.vuedici.org\/nocciolino\/wp-content\/uploads\/2016\/03\/61-Crete-018.jpg\"><\/p>\n<p><img loading=\"lazy\" decoding=\"async\" class=\"alignnone size-medium wp-image-502\" src=\"https:\/\/www.vuedici.org\/nocciolino\/wp-content\/uploads\/2016\/03\/61-Crete-018-300x115.jpg\" alt=\"61 Crete 018\" width=\"300\" height=\"115\" srcset=\"https:\/\/www.vuedici.org\/nocciolino\/wp-content\/uploads\/2016\/03\/61-Crete-018-300x115.jpg 300w, https:\/\/www.vuedici.org\/nocciolino\/wp-content\/uploads\/2016\/03\/61-Crete-018.jpg 800w\" sizes=\"auto, (max-width: 300px) 100vw, 300px\" \/><br \/>\n<\/a><br \/>\n<a href=\"https:\/\/www.vuedici.org\/nocciolino\/wp-content\/uploads\/2016\/03\/75-Crete-Gramvousa-Balos-07.jpg\"><img loading=\"lazy\" decoding=\"async\" class=\"alignnone size-medium wp-image-517\" src=\"https:\/\/www.vuedici.org\/nocciolino\/wp-content\/uploads\/2016\/03\/75-Crete-Gramvousa-Balos-07-300x98.jpg\" alt=\"75 Crete Gramvousa Balos 07\" width=\"300\" height=\"98\" srcset=\"https:\/\/www.vuedici.org\/nocciolino\/wp-content\/uploads\/2016\/03\/75-Crete-Gramvousa-Balos-07-300x98.jpg 300w, https:\/\/www.vuedici.org\/nocciolino\/wp-content\/uploads\/2016\/03\/75-Crete-Gramvousa-Balos-07.jpg 800w\" sizes=\"auto, (max-width: 300px) 100vw, 300px\" \/><\/a><\/p>\n<p>Un peu d&rsquo;ornitho enfin, avec la pr\u00e9sence des vautours, pas vus depuis la Loz\u00e8re, et quelques rencontres sympa.<\/p>\n<figure id=\"attachment_507\" aria-describedby=\"caption-attachment-507\" style=\"width: 300px\" class=\"wp-caption alignnone\"><a href=\"https:\/\/www.vuedici.org\/nocciolino\/wp-content\/uploads\/2016\/03\/67-Crete-Spili-02.jpg\"><img loading=\"lazy\" decoding=\"async\" class=\"size-medium wp-image-507\" src=\"https:\/\/www.vuedici.org\/nocciolino\/wp-content\/uploads\/2016\/03\/67-Crete-Spili-02-300x227.jpg\" alt=\"vautour fauve, les m\u00eames qu'en Loz\u00e8re !\" width=\"300\" height=\"227\" srcset=\"https:\/\/www.vuedici.org\/nocciolino\/wp-content\/uploads\/2016\/03\/67-Crete-Spili-02-300x227.jpg 300w, https:\/\/www.vuedici.org\/nocciolino\/wp-content\/uploads\/2016\/03\/67-Crete-Spili-02.jpg 793w\" sizes=\"auto, (max-width: 300px) 100vw, 300px\" \/><\/a><figcaption id=\"caption-attachment-507\" class=\"wp-caption-text\">vautour fauve, les m\u00eames qu&rsquo;en Loz\u00e8re !<\/figcaption><\/figure>\n<figure id=\"attachment_509\" aria-describedby=\"caption-attachment-509\" style=\"width: 300px\" class=\"wp-caption alignnone\"><a href=\"https:\/\/www.vuedici.org\/nocciolino\/wp-content\/uploads\/2016\/03\/75-Crete-Elafonisi-27.jpg\"><img loading=\"lazy\" decoding=\"async\" class=\"size-medium wp-image-509\" src=\"https:\/\/www.vuedici.org\/nocciolino\/wp-content\/uploads\/2016\/03\/75-Crete-Elafonisi-27-300x225.jpg\" alt=\"Traquet isabelle, une coche pour nous\" width=\"300\" height=\"225\" srcset=\"https:\/\/www.vuedici.org\/nocciolino\/wp-content\/uploads\/2016\/03\/75-Crete-Elafonisi-27-300x225.jpg 300w, https:\/\/www.vuedici.org\/nocciolino\/wp-content\/uploads\/2016\/03\/75-Crete-Elafonisi-27.jpg 800w\" sizes=\"auto, (max-width: 300px) 100vw, 300px\" \/><\/a><figcaption id=\"caption-attachment-509\" class=\"wp-caption-text\">Traquet isabelle, une coche pour nous<\/figcaption><\/figure>\n<figure id=\"attachment_505\" aria-describedby=\"caption-attachment-505\" style=\"width: 300px\" class=\"wp-caption alignnone\"><a href=\"https:\/\/www.vuedici.org\/nocciolino\/wp-content\/uploads\/2016\/03\/63-Crete-Agiofarango-28.jpg\"><img loading=\"lazy\" decoding=\"async\" class=\"size-medium wp-image-505\" src=\"https:\/\/www.vuedici.org\/nocciolino\/wp-content\/uploads\/2016\/03\/63-Crete-Agiofarango-28-300x225.jpg\" alt=\"un merle bleu peu farouche\" width=\"300\" height=\"225\" srcset=\"https:\/\/www.vuedici.org\/nocciolino\/wp-content\/uploads\/2016\/03\/63-Crete-Agiofarango-28-300x225.jpg 300w, https:\/\/www.vuedici.org\/nocciolino\/wp-content\/uploads\/2016\/03\/63-Crete-Agiofarango-28.jpg 800w\" sizes=\"auto, (max-width: 300px) 100vw, 300px\" \/><\/a><figcaption id=\"caption-attachment-505\" class=\"wp-caption-text\">un merle bleu peu farouche<\/figcaption><\/figure>\n<figure id=\"attachment_511\" aria-describedby=\"caption-attachment-511\" style=\"width: 300px\" class=\"wp-caption alignnone\"><a href=\"https:\/\/www.vuedici.org\/nocciolino\/wp-content\/uploads\/2016\/03\/75-Crete-Elafonisi-45.jpg\"><img loading=\"lazy\" decoding=\"async\" class=\"size-medium wp-image-511\" src=\"https:\/\/www.vuedici.org\/nocciolino\/wp-content\/uploads\/2016\/03\/75-Crete-Elafonisi-45-300x225.jpg\" alt=\"pluvier dor\u00e9, de passage\" width=\"300\" height=\"225\" srcset=\"https:\/\/www.vuedici.org\/nocciolino\/wp-content\/uploads\/2016\/03\/75-Crete-Elafonisi-45-300x225.jpg 300w, https:\/\/www.vuedici.org\/nocciolino\/wp-content\/uploads\/2016\/03\/75-Crete-Elafonisi-45.jpg 800w\" sizes=\"auto, (max-width: 300px) 100vw, 300px\" \/><\/a><figcaption id=\"caption-attachment-511\" class=\"wp-caption-text\">pluvier dor\u00e9, de passage<\/figcaption><\/figure>\n<p>Le climat tr\u00e8s doux permet de s&rsquo;y balader en short en f\u00e9vrier<br \/>\n<a href=\"https:\/\/www.vuedici.org\/nocciolino\/wp-content\/uploads\/2016\/03\/75-Crete-Elafonisi-37.jpg\"><img loading=\"lazy\" decoding=\"async\" class=\"alignnone size-medium wp-image-510\" src=\"https:\/\/www.vuedici.org\/nocciolino\/wp-content\/uploads\/2016\/03\/75-Crete-Elafonisi-37-300x225.jpg\" alt=\"75 Crete Elafonisi 37\" width=\"300\" height=\"225\" srcset=\"https:\/\/www.vuedici.org\/nocciolino\/wp-content\/uploads\/2016\/03\/75-Crete-Elafonisi-37-300x225.jpg 300w, https:\/\/www.vuedici.org\/nocciolino\/wp-content\/uploads\/2016\/03\/75-Crete-Elafonisi-37.jpg 800w\" sizes=\"auto, (max-width: 300px) 100vw, 300px\" \/><\/a><br \/>\nmais avec encore de la neige sur les sommets \u00e0 2400 m. Par contre en \u00e9t\u00e9, \u00e7a doit \u00eatre chaud.<br \/>\nOn a vraiment pass\u00e9 de bons moments, entre autres la rencontre avec Th\u00e9rese et Yannis, elle fran\u00e7aise (s\u0153ur d&rsquo;un ami de Loz\u00e8re) ayant \u00e9pous\u00e9 un cr\u00e9tois, et d&rsquo;autres voileux hivernant \u00e0 Rethimnon.<\/p>\n<p>Le reste de nos impressions en photos, dans l&rsquo;album en pr\u00e9paration\u00a0!<\/p>\n","protected":false},"excerpt":{"rendered":"<p>Mise \u00e0 jour un peu tardive, puisqu&rsquo;on est reparti de cette \u00eele depuis longtemps (presque 15 jours!), et avons entam\u00e9 notre \u00ab\u00a0croisi\u00e8re Cr\u00e8te Irlande\u00a0\u00bb. Avec des travers\u00e9es difficiles, et d&rsquo;autres pr\u00e9occupations. La Cr\u00e8te est une des grandes iles de la M\u00e9diterran\u00e9e, par la taille mais aussi par sa richesse, arch\u00e9ologique, patrimoniale, historique, culturelle, tout quoi. &hellip; <a href=\"https:\/\/www.vuedici.org\/nocciolino\/?p=498\" class=\"more-link\">Continuer la lecture de <span class=\"screen-reader-text\">La Cr\u00e8te<\/span>  <span class=\"meta-nav\">&rarr;<\/span><\/a><\/p>\n","protected":false},"author":1,"featured_media":0,"comment_status":"open","ping_status":"open","sticky":false,"template":"","format":"standard","meta":{"footnotes":""},"categories":[22,11],"tags":[],"class_list":["post-498","post","type-post","status-publish","format-standard","hentry","category-2016-crete-a-bretagne","category-journal-de-bord"],"_links":{"self":[{"href":"https:\/\/www.vuedici.org\/nocciolino\/index.php?rest_route=\/wp\/v2\/posts\/498","targetHints":{"allow":["GET"]}}],"collection":[{"href":"https:\/\/www.vuedici.org\/nocciolino\/index.php?rest_route=\/wp\/v2\/posts"}],"about":[{"href":"https:\/\/www.vuedici.org\/nocciolino\/index.php?rest_route=\/wp\/v2\/types\/post"}],"author":[{"embeddable":true,"href":"https:\/\/www.vuedici.org\/nocciolino\/index.php?rest_route=\/wp\/v2\/users\/1"}],"replies":[{"embeddable":true,"href":"https:\/\/www.vuedici.org\/nocciolino\/index.php?rest_route=%2Fwp%2Fv2%2Fcomments&post=498"}],"version-history":[{"count":3,"href":"https:\/\/www.vuedici.org\/nocciolino\/index.php?rest_route=\/wp\/v2\/posts\/498\/revisions"}],"predecessor-version":[{"id":519,"href":"https:\/\/www.vuedici.org\/nocciolino\/index.php?rest_route=\/wp\/v2\/posts\/498\/revisions\/519"}],"wp:attachment":[{"href":"https:\/\/www.vuedici.org\/nocciolino\/index.php?rest_route=%2Fwp%2Fv2%2Fmedia&parent=498"}],"wp:term":[{"taxonomy":"category","embeddable":true,"href":"https:\/\/www.vuedici.org\/nocciolino\/index.php?rest_route=%2Fwp%2Fv2%2Fcategories&post=498"},{"taxonomy":"post_tag","embeddable":true,"href":"https:\/\/www.vuedici.org\/nocciolino\/index.php?rest_route=%2Fwp%2Fv2%2Ftags&post=498"}],"curies":[{"name":"wp","href":"https:\/\/api.w.org\/{rel}","templated":true}]}}